{"id":4754,"date":"2023-12-18T16:20:03","date_gmt":"2023-12-18T15:20:03","guid":{"rendered":"https:\/\/www.freundlich-wohnen.de\/non-classifiee\/sommerflugplan-2024-urlaubsziel-rhodos-ist-dabei\/"},"modified":"2024-01-16T14:01:12","modified_gmt":"2024-01-16T13:01:12","slug":"sommerflugplan-2024-urlaubsziel-rhodos-ist-dabei","status":"publish","type":"post","link":"https:\/\/www.woge-saar.de\/fr\/actualites\/nouvelles\/scn-fr\/sommerflugplan-2024-urlaubsziel-rhodos-ist-dabei\/","title":{"rendered":"Sommerflugplan 2024: Urlaubsziel Rhodos ist dabei"},"content":{"rendered":"<h1><strong>Horaire d\u00b4\u00e9t\u00e9 2024 \u2013 avec des vols vers Rhodes<\/strong><\/h1>\n<p><strong>\u00c0 partir de juillet prochain, la destination de vacances Rhodes sera desservie chaque semaine depuis Sarrebruck. Les r\u00e9servations sont d\u00e9j\u00e0 possibles. Et il y a \u00e9galement d&rsquo;autres mises \u00e0 jour. Le programme de vols d&rsquo;\u00e9t\u00e9 comprend d\u00e9sormais 50 vols\/semaine de 6 compagnies a\u00e9riennes vers 11 destinations et 3 destinations sp\u00e9ciales.<\/strong><\/p>\n<p>\u00c0 partir du 11 juillet jusqu&rsquo;\u00e0 la fin de l\u00b4horaire de vols d&rsquo;\u00e9t\u00e9, TUI Deutschland GmbH offre des vols vers la destination de vacances Rhodes (\u00eeles grecques) au d\u00e9part de Sarrebruck. Les vols sont effectu\u00e9s chaque semaine, tous les jeudis.<\/p>\n<p>En outre, il y avait les mises \u00e0 jour suivantes dans la p\u00e9riode de validit\u00e9 de l\u00b4horaire de vols d&rsquo;\u00e9t\u00e9 depuis novembre :<\/p>\n<ul>\n<li>La nouvelle ligne r\u00e9guli\u00e8re entre Tuzla et Sarrebruck a \u00e9t\u00e9 confirm\u00e9e jusqu\u00b4 octobre 2024.<\/li>\n<li>\u2022 La fr\u00e9quence des vols sur la ligne Sarrebruck-Hambourg a \u00e9t\u00e9 augment\u00e9e de trois \u00e0 jusqu\u00b4\u00e0 cinq vols.<\/li>\n<\/ul>\n<p>L&rsquo;horaire des vols d&rsquo;\u00e9t\u00e9 est valable du 31 mars au 26 octobre 2024 et comprend les vols et les voyages \u00e0 forfait qui peuvent d\u00e9sormais \u00eatre r\u00e9serv\u00e9s.<\/p>\n<p>\u200b<\/p>\n<p><strong><u>Aper\u00e7u des destinations de vols hebdomadaires<\/u><\/strong> <strong><u>(ordre alphab\u00e9tique)<\/u><\/strong><\/p>\n<table width=\"501\">\n<tbody>\n<tr>\n<td width=\"122\">\n<p><strong>Destinations\u00a0 <\/strong><\/p>\n<\/td>\n<td width=\"303\">\n<p><strong>Pays<\/strong><\/p>\n<\/td>\n<td width=\"76\">\n<p><strong>D\u00e9parts \/<br \/>semaine<\/strong><\/p>\n<\/td>\n<\/tr>\n<tr>\n<td width=\"122\">\n<p>Antalya\u00a0<\/p>\n<\/td>\n<td width=\"303\">\n<p>Turquie, r\u00e9gion de vacances \u00abRiviera turque\u00bb<\/p>\n<\/td>\n<td width=\"76\">\n<p>9<\/p>\n<\/td>\n<\/tr>\n<tr>\n<td width=\"122\">\n<p>Berlin<\/p>\n<\/td>\n<td width=\"303\">\n<p>Allemagne<\/p>\n<\/td>\n<td width=\"76\">\n<p>11<\/p>\n<\/td>\n<\/tr>\n<tr>\n<td width=\"122\">\n<p>Djerba<\/p>\n<\/td>\n<td width=\"303\">\n<p>Tunisie, \u00eele de Djerba<\/p>\n<\/td>\n<td width=\"76\">\n<p>1<\/p>\n<\/td>\n<\/tr>\n<tr>\n<td width=\"122\">\n<p>Fuerteventura<\/p>\n<\/td>\n<td width=\"303\">\n<p>Espagne, \u00eeles canaries<\/p>\n<\/td>\n<td width=\"76\">\n<p>1<\/p>\n<\/td>\n<\/tr>\n<tr>\n<td width=\"122\">\n<p>Hambourg<\/p>\n<\/td>\n<td width=\"303\">\n<p>Allemagne<\/p>\n<\/td>\n<td width=\"76\">\n<p>5<\/p>\n<\/td>\n<\/tr>\n<tr>\n<td width=\"122\">\n<p>H\u00e9raklion<\/p>\n<\/td>\n<td width=\"303\">\n<p>Gr\u00e8ce, \u00eele de Cr\u00e8te<\/p>\n<\/td>\n<td width=\"76\">\n<p>3<\/p>\n<\/td>\n<\/tr>\n<tr>\n<td width=\"122\">\n<p>Izmir<\/p>\n<\/td>\n<td width=\"303\">\n<p>Turquie, r\u00e9gion de vacances \u00ab\u00c9g\u00e9e turque\u00bb<\/p>\n<\/td>\n<td width=\"76\">\n<p>2<\/p>\n<\/td>\n<\/tr>\n<tr>\n<td width=\"122\">\n<p>Las Palmas<\/p>\n<\/td>\n<td width=\"303\">\n<p>Espagne, \u00eele de Gran Canaria<\/p>\n<\/td>\n<td width=\"76\">\n<p>1<\/p>\n<\/td>\n<\/tr>\n<tr>\n<td width=\"122\">\n<p>Palma<\/p>\n<\/td>\n<td width=\"303\">\n<p>Espagne, \u00eele de Majorque<\/p>\n<\/td>\n<td width=\"76\">\n<p>14<\/p>\n<\/td>\n<\/tr>\n<tr>\n<td width=\"122\">\n<p>Rhodes<\/p>\n<\/td>\n<td width=\"303\">\n<p>Gr\u00e8ce, \u00eele de Rhodes (\u00e0 partir de juillet)<\/p>\n<\/td>\n<td width=\"76\">\n<p>1<\/p>\n<\/td>\n<\/tr>\n<tr>\n<td width=\"122\">\n<p>Tuzla<\/p>\n<\/td>\n<td width=\"303\">\n<p>Bosnie-Herz\u00e9govine<\/p>\n<\/td>\n<td width=\"76\">\n<p>2<\/p>\n<\/td>\n<\/tr>\n<\/tbody>\n<\/table>\n<p>&nbsp;<\/p>\n<p><strong><u>Aper\u00e7u des destinations de vols sp\u00e9ciales (ordre alphab\u00e9tique)<\/u><\/strong><\/p>\n<table width=\"502\">\n<tbody>\n<tr>\n<td width=\"122\">\n<p><strong>Destinations\u00a0 <\/strong><\/p>\n<\/td>\n<td width=\"218\">\n<p><strong>Pays<\/strong><\/p>\n<\/td>\n<td width=\"161\">\n<p><strong>P\u00e9riode<\/strong><\/p>\n<\/td>\n<\/tr>\n<tr>\n<td width=\"122\">\n<p>Faro<\/p>\n<\/td>\n<td width=\"218\">\n<p>Portugal, Algarve<\/p>\n<\/td>\n<td width=\"161\">\n<p>21-28 mai<\/p>\n<\/td>\n<\/tr>\n<tr>\n<td width=\"122\">\n<p>Paphos<\/p>\n<\/td>\n<td width=\"218\">\n<p>Chypre<\/p>\n<\/td>\n<td width=\"161\">\n<p>24 avril \u2013 1er mai<\/p>\n<\/td>\n<\/tr>\n<tr>\n<td width=\"122\">\n<p>Tirana<\/p>\n<\/td>\n<td width=\"218\">\n<p>Albanie<\/p>\n<\/td>\n<td width=\"161\">\n<p>15-22 mai<\/p>\n<\/td>\n<\/tr>\n<\/tbody>\n<\/table>\n<p>&nbsp;<\/p>\n","protected":false},"excerpt":{"rendered":"<p>Horaire d\u00b4\u00e9t\u00e9 2024 \u2013 avec des vols vers Rhodes \u00c0 partir de juillet prochain, la<\/p>\n","protected":false},"author":8,"featured_media":0,"comment_status":"closed","ping_status":"closed","sticky":false,"template":"","format":"standard","meta":{"_acf_changed":false,"footnotes":""},"categories":[79],"tags":[],"class_list":["post-4754","post","type-post","status-publish","format-standard","hentry","category-scn-fr"],"acf":[],"yoast_head":"<!-- This site is optimized with the Yoast SEO plugin v27.4 - https:\/\/yoast.com\/product\/yoast-seo-wordpress\/ -->\n<title>Sommerflugplan 2024: Urlaubsziel Rhodos ist dabei - Woge Saar<\/title>\n<meta name=\"robots\" content=\"index, follow, max-snippet:-1, max-image-preview:large, max-video-preview:-1\" \/>\n<link rel=\"canonical\" href=\"https:\/\/www.woge-saar.de\/fr\/actualites\/nouvelles\/scn-fr\/sommerflugplan-2024-urlaubsziel-rhodos-ist-dabei\/\" \/>\n<meta property=\"og:locale\" content=\"fr_FR\" \/>\n<meta property=\"og:type\" content=\"article\" \/>\n<meta property=\"og:title\" content=\"Sommerflugplan 2024: Urlaubsziel Rhodos ist dabei - Woge Saar\" \/>\n<meta property=\"og:description\" content=\"Horaire d\u00b4\u00e9t\u00e9 2024 \u2013 avec des vols vers Rhodes \u00c0 partir de juillet prochain, la\" \/>\n<meta property=\"og:url\" content=\"https:\/\/www.woge-saar.de\/fr\/actualites\/nouvelles\/scn-fr\/sommerflugplan-2024-urlaubsziel-rhodos-ist-dabei\/\" \/>\n<meta property=\"og:site_name\" content=\"Woge Saar\" \/>\n<meta property=\"article:published_time\" content=\"2023-12-18T15:20:03+00:00\" \/>\n<meta property=\"article:modified_time\" content=\"2024-01-16T13:01:12+00:00\" \/>\n<meta property=\"og:image\" content=\"https:\/\/www.woge-saar.de\/wp-content\/uploads\/sites\/7\/2016\/10\/og_image_woge.jpg\" \/>\n\t<meta property=\"og:image:width\" content=\"1200\" \/>\n\t<meta property=\"og:image:height\" content=\"630\" \/>\n\t<meta property=\"og:image:type\" content=\"image\/jpeg\" \/>\n<meta name=\"author\" content=\"marcneuhardt\" \/>\n<meta name=\"twitter:label1\" content=\"\u00c9crit par\" \/>\n\t<meta name=\"twitter:data1\" content=\"marcneuhardt\" \/>\n\t<meta name=\"twitter:label2\" content=\"Dur\u00e9e de lecture estim\u00e9e\" \/>\n\t<meta name=\"twitter:data2\" content=\"2 minutes\" \/>\n<script type=\"application\/ld+json\" class=\"yoast-schema-graph\">{\"@context\":\"https:\\\/\\\/schema.org\",\"@graph\":[{\"@type\":\"Article\",\"@id\":\"https:\\\/\\\/www.woge-saar.de\\\/fr\\\/actualites\\\/nouvelles\\\/scn-fr\\\/sommerflugplan-2024-urlaubsziel-rhodos-ist-dabei\\\/#article\",\"isPartOf\":{\"@id\":\"https:\\\/\\\/www.woge-saar.de\\\/fr\\\/actualites\\\/nouvelles\\\/scn-fr\\\/sommerflugplan-2024-urlaubsziel-rhodos-ist-dabei\\\/\"},\"author\":{\"name\":\"marcneuhardt\",\"@id\":\"https:\\\/\\\/www.freundlich-wohnen.de\\\/#\\\/schema\\\/person\\\/9a16d7201991ccc62960722ad53cac61\"},\"headline\":\"Sommerflugplan 2024: Urlaubsziel Rhodos ist dabei\",\"datePublished\":\"2023-12-18T15:20:03+00:00\",\"dateModified\":\"2024-01-16T13:01:12+00:00\",\"mainEntityOfPage\":{\"@id\":\"https:\\\/\\\/www.woge-saar.de\\\/fr\\\/actualites\\\/nouvelles\\\/scn-fr\\\/sommerflugplan-2024-urlaubsziel-rhodos-ist-dabei\\\/\"},\"wordCount\":299,\"articleSection\":[\"SCN\"],\"inLanguage\":\"fr-FR\"},{\"@type\":\"WebPage\",\"@id\":\"https:\\\/\\\/www.woge-saar.de\\\/fr\\\/actualites\\\/nouvelles\\\/scn-fr\\\/sommerflugplan-2024-urlaubsziel-rhodos-ist-dabei\\\/\",\"url\":\"https:\\\/\\\/www.woge-saar.de\\\/fr\\\/actualites\\\/nouvelles\\\/scn-fr\\\/sommerflugplan-2024-urlaubsziel-rhodos-ist-dabei\\\/\",\"name\":\"Sommerflugplan 2024: Urlaubsziel Rhodos ist dabei - Woge Saar\",\"isPartOf\":{\"@id\":\"https:\\\/\\\/www.freundlich-wohnen.de\\\/#website\"},\"datePublished\":\"2023-12-18T15:20:03+00:00\",\"dateModified\":\"2024-01-16T13:01:12+00:00\",\"author\":{\"@id\":\"https:\\\/\\\/www.freundlich-wohnen.de\\\/#\\\/schema\\\/person\\\/9a16d7201991ccc62960722ad53cac61\"},\"breadcrumb\":{\"@id\":\"https:\\\/\\\/www.woge-saar.de\\\/fr\\\/actualites\\\/nouvelles\\\/scn-fr\\\/sommerflugplan-2024-urlaubsziel-rhodos-ist-dabei\\\/#breadcrumb\"},\"inLanguage\":\"fr-FR\",\"potentialAction\":[{\"@type\":\"ReadAction\",\"target\":[\"https:\\\/\\\/www.woge-saar.de\\\/fr\\\/actualites\\\/nouvelles\\\/scn-fr\\\/sommerflugplan-2024-urlaubsziel-rhodos-ist-dabei\\\/\"]}]},{\"@type\":\"BreadcrumbList\",\"@id\":\"https:\\\/\\\/www.woge-saar.de\\\/fr\\\/actualites\\\/nouvelles\\\/scn-fr\\\/sommerflugplan-2024-urlaubsziel-rhodos-ist-dabei\\\/#breadcrumb\",\"itemListElement\":[{\"@type\":\"ListItem\",\"position\":1,\"name\":\"Startseite\",\"item\":\"https:\\\/\\\/www.woge-saar.de\\\/fr\\\/\"},{\"@type\":\"ListItem\",\"position\":2,\"name\":\"Sommerflugplan 2024: Urlaubsziel Rhodos ist dabei\"}]},{\"@type\":\"WebSite\",\"@id\":\"https:\\\/\\\/www.freundlich-wohnen.de\\\/#website\",\"url\":\"https:\\\/\\\/www.freundlich-wohnen.de\\\/\",\"name\":\"Woge Saar\",\"description\":\"Eine weitere SHS | Strukturholding Saar Seiten Seite\",\"potentialAction\":[{\"@type\":\"SearchAction\",\"target\":{\"@type\":\"EntryPoint\",\"urlTemplate\":\"https:\\\/\\\/www.freundlich-wohnen.de\\\/?s={search_term_string}\"},\"query-input\":{\"@type\":\"PropertyValueSpecification\",\"valueRequired\":true,\"valueName\":\"search_term_string\"}}],\"inLanguage\":\"fr-FR\"},{\"@type\":\"Person\",\"@id\":\"https:\\\/\\\/www.freundlich-wohnen.de\\\/#\\\/schema\\\/person\\\/9a16d7201991ccc62960722ad53cac61\",\"name\":\"marcneuhardt\",\"image\":{\"@type\":\"ImageObject\",\"inLanguage\":\"fr-FR\",\"@id\":\"https:\\\/\\\/secure.gravatar.com\\\/avatar\\\/91acb2003b731b1466d06177fa26f43de77ab75b74c1c1c5f17a5cfc25fb71c7?s=96&d=mm&r=g\",\"url\":\"https:\\\/\\\/secure.gravatar.com\\\/avatar\\\/91acb2003b731b1466d06177fa26f43de77ab75b74c1c1c5f17a5cfc25fb71c7?s=96&d=mm&r=g\",\"contentUrl\":\"https:\\\/\\\/secure.gravatar.com\\\/avatar\\\/91acb2003b731b1466d06177fa26f43de77ab75b74c1c1c5f17a5cfc25fb71c7?s=96&d=mm&r=g\",\"caption\":\"marcneuhardt\"},\"url\":\"https:\\\/\\\/www.woge-saar.de\\\/fr\\\/author\\\/marc-neuhardt\\\/\"}]}<\/script>\n<!-- \/ Yoast SEO plugin. -->","yoast_head_json":{"title":"Sommerflugplan 2024: Urlaubsziel Rhodos ist dabei - Woge Saar","robots":{"index":"index","follow":"follow","max-snippet":"max-snippet:-1","max-image-preview":"max-image-preview:large","max-video-preview":"max-video-preview:-1"},"canonical":"https:\/\/www.woge-saar.de\/fr\/actualites\/nouvelles\/scn-fr\/sommerflugplan-2024-urlaubsziel-rhodos-ist-dabei\/","og_locale":"fr_FR","og_type":"article","og_title":"Sommerflugplan 2024: Urlaubsziel Rhodos ist dabei - Woge Saar","og_description":"Horaire d\u00b4\u00e9t\u00e9 2024 \u2013 avec des vols vers Rhodes \u00c0 partir de juillet prochain, la","og_url":"https:\/\/www.woge-saar.de\/fr\/actualites\/nouvelles\/scn-fr\/sommerflugplan-2024-urlaubsziel-rhodos-ist-dabei\/","og_site_name":"Woge Saar","article_published_time":"2023-12-18T15:20:03+00:00","article_modified_time":"2024-01-16T13:01:12+00:00","og_image":[{"width":1200,"height":630,"url":"https:\/\/www.woge-saar.de\/wp-content\/uploads\/sites\/7\/2016\/10\/og_image_woge.jpg","type":"image\/jpeg"}],"author":"marcneuhardt","twitter_misc":{"\u00c9crit par":"marcneuhardt","Dur\u00e9e de lecture estim\u00e9e":"2 minutes"},"schema":{"@context":"https:\/\/schema.org","@graph":[{"@type":"Article","@id":"https:\/\/www.woge-saar.de\/fr\/actualites\/nouvelles\/scn-fr\/sommerflugplan-2024-urlaubsziel-rhodos-ist-dabei\/#article","isPartOf":{"@id":"https:\/\/www.woge-saar.de\/fr\/actualites\/nouvelles\/scn-fr\/sommerflugplan-2024-urlaubsziel-rhodos-ist-dabei\/"},"author":{"name":"marcneuhardt","@id":"https:\/\/www.freundlich-wohnen.de\/#\/schema\/person\/9a16d7201991ccc62960722ad53cac61"},"headline":"Sommerflugplan 2024: Urlaubsziel Rhodos ist dabei","datePublished":"2023-12-18T15:20:03+00:00","dateModified":"2024-01-16T13:01:12+00:00","mainEntityOfPage":{"@id":"https:\/\/www.woge-saar.de\/fr\/actualites\/nouvelles\/scn-fr\/sommerflugplan-2024-urlaubsziel-rhodos-ist-dabei\/"},"wordCount":299,"articleSection":["SCN"],"inLanguage":"fr-FR"},{"@type":"WebPage","@id":"https:\/\/www.woge-saar.de\/fr\/actualites\/nouvelles\/scn-fr\/sommerflugplan-2024-urlaubsziel-rhodos-ist-dabei\/","url":"https:\/\/www.woge-saar.de\/fr\/actualites\/nouvelles\/scn-fr\/sommerflugplan-2024-urlaubsziel-rhodos-ist-dabei\/","name":"Sommerflugplan 2024: Urlaubsziel Rhodos ist dabei - Woge Saar","isPartOf":{"@id":"https:\/\/www.freundlich-wohnen.de\/#website"},"datePublished":"2023-12-18T15:20:03+00:00","dateModified":"2024-01-16T13:01:12+00:00","author":{"@id":"https:\/\/www.freundlich-wohnen.de\/#\/schema\/person\/9a16d7201991ccc62960722ad53cac61"},"breadcrumb":{"@id":"https:\/\/www.woge-saar.de\/fr\/actualites\/nouvelles\/scn-fr\/sommerflugplan-2024-urlaubsziel-rhodos-ist-dabei\/#breadcrumb"},"inLanguage":"fr-FR","potentialAction":[{"@type":"ReadAction","target":["https:\/\/www.woge-saar.de\/fr\/actualites\/nouvelles\/scn-fr\/sommerflugplan-2024-urlaubsziel-rhodos-ist-dabei\/"]}]},{"@type":"BreadcrumbList","@id":"https:\/\/www.woge-saar.de\/fr\/actualites\/nouvelles\/scn-fr\/sommerflugplan-2024-urlaubsziel-rhodos-ist-dabei\/#breadcrumb","itemListElement":[{"@type":"ListItem","position":1,"name":"Startseite","item":"https:\/\/www.woge-saar.de\/fr\/"},{"@type":"ListItem","position":2,"name":"Sommerflugplan 2024: Urlaubsziel Rhodos ist dabei"}]},{"@type":"WebSite","@id":"https:\/\/www.freundlich-wohnen.de\/#website","url":"https:\/\/www.freundlich-wohnen.de\/","name":"Woge Saar","description":"Eine weitere SHS | Strukturholding Saar Seiten Seite","potentialAction":[{"@type":"SearchAction","target":{"@type":"EntryPoint","urlTemplate":"https:\/\/www.freundlich-wohnen.de\/?s={search_term_string}"},"query-input":{"@type":"PropertyValueSpecification","valueRequired":true,"valueName":"search_term_string"}}],"inLanguage":"fr-FR"},{"@type":"Person","@id":"https:\/\/www.freundlich-wohnen.de\/#\/schema\/person\/9a16d7201991ccc62960722ad53cac61","name":"marcneuhardt","image":{"@type":"ImageObject","inLanguage":"fr-FR","@id":"https:\/\/secure.gravatar.com\/avatar\/91acb2003b731b1466d06177fa26f43de77ab75b74c1c1c5f17a5cfc25fb71c7?s=96&d=mm&r=g","url":"https:\/\/secure.gravatar.com\/avatar\/91acb2003b731b1466d06177fa26f43de77ab75b74c1c1c5f17a5cfc25fb71c7?s=96&d=mm&r=g","contentUrl":"https:\/\/secure.gravatar.com\/avatar\/91acb2003b731b1466d06177fa26f43de77ab75b74c1c1c5f17a5cfc25fb71c7?s=96&d=mm&r=g","caption":"marcneuhardt"},"url":"https:\/\/www.woge-saar.de\/fr\/author\/marc-neuhardt\/"}]}},"_links":{"self":[{"href":"https:\/\/www.woge-saar.de\/fr\/wp-json\/wp\/v2\/posts\/4754","targetHints":{"allow":["GET"]}}],"collection":[{"href":"https:\/\/www.woge-saar.de\/fr\/wp-json\/wp\/v2\/posts"}],"about":[{"href":"https:\/\/www.woge-saar.de\/fr\/wp-json\/wp\/v2\/types\/post"}],"author":[{"embeddable":true,"href":"https:\/\/www.woge-saar.de\/fr\/wp-json\/wp\/v2\/users\/8"}],"replies":[{"embeddable":true,"href":"https:\/\/www.woge-saar.de\/fr\/wp-json\/wp\/v2\/comments?post=4754"}],"version-history":[{"count":0,"href":"https:\/\/www.woge-saar.de\/fr\/wp-json\/wp\/v2\/posts\/4754\/revisions"}],"wp:attachment":[{"href":"https:\/\/www.woge-saar.de\/fr\/wp-json\/wp\/v2\/media?parent=4754"}],"wp:term":[{"taxonomy":"category","embeddable":true,"href":"https:\/\/www.woge-saar.de\/fr\/wp-json\/wp\/v2\/categories?post=4754"},{"taxonomy":"post_tag","embeddable":true,"href":"https:\/\/www.woge-saar.de\/fr\/wp-json\/wp\/v2\/tags?post=4754"}],"curies":[{"name":"wp","href":"https:\/\/api.w.org\/{rel}","templated":true}]}}